{"id":1749,"date":"2018-06-21T01:57:49","date_gmt":"2018-06-20T23:57:49","guid":{"rendered":"http:\/\/efan.be\/?p=1749"},"modified":"2018-07-21T05:24:52","modified_gmt":"2018-07-21T03:24:52","slug":"journees-velo","status":"publish","type":"post","link":"https:\/\/efan.be\/index.php\/2018\/06\/21\/journees-velo\/","title":{"rendered":"Journ\u00e9es v\u00e9lo"},"content":{"rendered":"<p>&nbsp;<\/p>\n<p>&nbsp;<\/p>\n\n\t\t<style type=\"text\/css\">\n\t\t\t#gallery-1 {\n\t\t\t\tmargin: auto;\n\t\t\t}\n\t\t\t#gallery-1 .gallery-item {\n\t\t\t\tfloat: left;\n\t\t\t\tmargin-top: 10px;\n\t\t\t\ttext-align: center;\n\t\t\t\twidth: 50%;\n\t\t\t}\n\t\t\t#gallery-1 img {\n\t\t\t\tborder: 2px solid #cfcfcf;\n\t\t\t}\n\t\t\t#gallery-1 .gallery-caption {\n\t\t\t\tmargin-left: 0;\n\t\t\t}\n\t\t\t\/* see gallery_shortcode() in wp-includes\/media.php *\/\n\t\t<\/style>\n\t\t<div id='gallery-1' class='gallery galleryid-1749 gallery-columns-2 gallery-size-medium'><dl class='gallery-item'>\n\t\t\t<dt class='gallery-icon landscape'>\n\t\t\t\t<a href='https:\/\/efan.be\/index.php\/page-d-exemple\/slide_11\/'><img width=\"300\" height=\"225\" src=\"https:\/\/efan.be\/wp-content\/uploads\/2018\/06\/slide_11-300x225.jpg\" class=\"attachment-medium size-medium\" alt=\"\" loading=\"lazy\" srcset=\"https:\/\/efan.be\/wp-content\/uploads\/2018\/06\/slide_11-300x225.jpg 300w, https:\/\/efan.be\/wp-content\/uploads\/2018\/06\/slide_11-768x576.jpg 768w, https:\/\/efan.be\/wp-content\/uploads\/2018\/06\/slide_11.jpg 960w\" sizes=\"(max-width: 300px) 100vw, 300px\" \/><\/a>\n\t\t\t<\/dt><\/dl><dl class='gallery-item'>\n\t\t\t<dt class='gallery-icon landscape'>\n\t\t\t\t<a href='https:\/\/efan.be\/index.php\/page-d-exemple\/logoapper21\/'><img width=\"300\" height=\"267\" src=\"https:\/\/efan.be\/wp-content\/uploads\/2018\/06\/Logo20Apper21-300x267.png\" class=\"attachment-medium size-medium\" alt=\"\" loading=\"lazy\" srcset=\"https:\/\/efan.be\/wp-content\/uploads\/2018\/06\/Logo20Apper21-300x267.png 300w, https:\/\/efan.be\/wp-content\/uploads\/2018\/06\/Logo20Apper21.png 315w\" sizes=\"(max-width: 300px) 100vw, 300px\" \/><\/a>\n\t\t\t<\/dt><\/dl><br style=\"clear: both\" \/>\n\t\t<\/div>\n\n<p>Journ\u00e9es de la mobilit\u00e9 mardi 19 et jeudi 20 juin<\/p>\n<p>L&rsquo;APPER \u00a0nous a propos\u00e9 d&rsquo;initier nos \u00e9l\u00e8ves au bon usage de la conduite \u00e0 v\u00e9lo.<\/p>\n<p>&nbsp;<\/p>\n<p>Un apprentissage indispensable \u00e0 l&rsquo;heure de l&rsquo;am\u00e9lioration de la mobilit\u00e9.<\/p>\n\n\t\t<style type=\"text\/css\">\n\t\t\t#gallery-2 {\n\t\t\t\tmargin: auto;\n\t\t\t}\n\t\t\t#gallery-2 .gallery-item {\n\t\t\t\tfloat: left;\n\t\t\t\tmargin-top: 10px;\n\t\t\t\ttext-align: center;\n\t\t\t\twidth: 50%;\n\t\t\t}\n\t\t\t#gallery-2 img {\n\t\t\t\tborder: 2px solid #cfcfcf;\n\t\t\t}\n\t\t\t#gallery-2 .gallery-caption {\n\t\t\t\tmargin-left: 0;\n\t\t\t}\n\t\t\t\/* see gallery_shortcode() in wp-includes\/media.php *\/\n\t\t<\/style>\n\t\t<div id='gallery-2' class='gallery galleryid-1749 gallery-columns-2 gallery-size-medium'><dl class='gallery-item'>\n\t\t\t<dt class='gallery-icon landscape'>\n\t\t\t\t<a href='https:\/\/efan.be\/index.php\/2018\/06\/21\/journees-velo\/35654466_1880184195379587_7684396735422005248_o\/'><img width=\"300\" height=\"225\" src=\"https:\/\/efan.be\/wp-content\/uploads\/2018\/06\/35654466_1880184195379587_7684396735422005248_o-300x225.jpg\" class=\"attachment-medium size-medium\" alt=\"\" loading=\"lazy\" aria-describedby=\"gallery-2-1756\" srcset=\"https:\/\/efan.be\/wp-content\/uploads\/2018\/06\/35654466_1880184195379587_7684396735422005248_o-300x225.jpg 300w, https:\/\/efan.be\/wp-content\/uploads\/2018\/06\/35654466_1880184195379587_7684396735422005248_o-768x576.jpg 768w, https:\/\/efan.be\/wp-content\/uploads\/2018\/06\/35654466_1880184195379587_7684396735422005248_o-1024x768.jpg 1024w, https:\/\/efan.be\/wp-content\/uploads\/2018\/06\/35654466_1880184195379587_7684396735422005248_o-1170x878.jpg 1170w, https:\/\/efan.be\/wp-content\/uploads\/2018\/06\/35654466_1880184195379587_7684396735422005248_o.jpg 2048w\" sizes=\"(max-width: 300px) 100vw, 300px\" \/><\/a>\n\t\t\t<\/dt>\n\t\t\t\t<dd class='wp-caption-text gallery-caption' id='gallery-2-1756'>\n\t\t\t\tA l&rsquo;\u00e9coute des consignes\n\t\t\t\t<\/dd><\/dl><dl class='gallery-item'>\n\t\t\t<dt class='gallery-icon landscape'>\n\t\t\t\t<a href='https:\/\/efan.be\/index.php\/2018\/06\/21\/journees-velo\/35517504_1880178698713470_8053102201561677824_o\/'><img width=\"300\" height=\"225\" src=\"https:\/\/efan.be\/wp-content\/uploads\/2018\/06\/35517504_1880178698713470_8053102201561677824_o-300x225.jpg\" class=\"attachment-medium size-medium\" alt=\"\" loading=\"lazy\" srcset=\"https:\/\/efan.be\/wp-content\/uploads\/2018\/06\/35517504_1880178698713470_8053102201561677824_o-300x225.jpg 300w, https:\/\/efan.be\/wp-content\/uploads\/2018\/06\/35517504_1880178698713470_8053102201561677824_o-768x576.jpg 768w, https:\/\/efan.be\/wp-content\/uploads\/2018\/06\/35517504_1880178698713470_8053102201561677824_o-1024x768.jpg 1024w, https:\/\/efan.be\/wp-content\/uploads\/2018\/06\/35517504_1880178698713470_8053102201561677824_o-1170x878.jpg 1170w, https:\/\/efan.be\/wp-content\/uploads\/2018\/06\/35517504_1880178698713470_8053102201561677824_o.jpg 2048w\" sizes=\"(max-width: 300px) 100vw, 300px\" \/><\/a>\n\t\t\t<\/dt><\/dl><br style=\"clear: both\" \/><dl class='gallery-item'>\n\t\t\t<dt class='gallery-icon landscape'>\n\t\t\t\t<a href='https:\/\/efan.be\/index.php\/2018\/06\/21\/journees-velo\/35820178_1880082008723139_6962537746577489920_o\/'><img width=\"300\" height=\"225\" src=\"https:\/\/efan.be\/wp-content\/uploads\/2018\/06\/35820178_1880082008723139_6962537746577489920_o-300x225.jpg\" class=\"attachment-medium size-medium\" alt=\"\" loading=\"lazy\" srcset=\"https:\/\/efan.be\/wp-content\/uploads\/2018\/06\/35820178_1880082008723139_6962537746577489920_o-300x225.jpg 300w, https:\/\/efan.be\/wp-content\/uploads\/2018\/06\/35820178_1880082008723139_6962537746577489920_o-768x576.jpg 768w, https:\/\/efan.be\/wp-content\/uploads\/2018\/06\/35820178_1880082008723139_6962537746577489920_o-1024x768.jpg 1024w, https:\/\/efan.be\/wp-content\/uploads\/2018\/06\/35820178_1880082008723139_6962537746577489920_o-1170x878.jpg 1170w, https:\/\/efan.be\/wp-content\/uploads\/2018\/06\/35820178_1880082008723139_6962537746577489920_o.jpg 2048w\" sizes=\"(max-width: 300px) 100vw, 300px\" \/><\/a>\n\t\t\t<\/dt><\/dl><dl class='gallery-item'>\n\t\t\t<dt class='gallery-icon portrait'>\n\t\t\t\t<a href='https:\/\/efan.be\/index.php\/2018\/06\/21\/journees-velo\/35463785_1880180738713266_5589395161122603008_o\/'><img width=\"225\" height=\"300\" src=\"https:\/\/efan.be\/wp-content\/uploads\/2018\/06\/35463785_1880180738713266_5589395161122603008_o-225x300.jpg\" class=\"attachment-medium size-medium\" alt=\"\" loading=\"lazy\" aria-describedby=\"gallery-2-1750\" srcset=\"https:\/\/efan.be\/wp-content\/uploads\/2018\/06\/35463785_1880180738713266_5589395161122603008_o-225x300.jpg 225w, https:\/\/efan.be\/wp-content\/uploads\/2018\/06\/35463785_1880180738713266_5589395161122603008_o-768x1024.jpg 768w, https:\/\/efan.be\/wp-content\/uploads\/2018\/06\/35463785_1880180738713266_5589395161122603008_o-1170x1560.jpg 1170w, https:\/\/efan.be\/wp-content\/uploads\/2018\/06\/35463785_1880180738713266_5589395161122603008_o.jpg 1536w\" sizes=\"(max-width: 225px) 100vw, 225px\" \/><\/a>\n\t\t\t<\/dt>\n\t\t\t\t<dd class='wp-caption-text gallery-caption' id='gallery-2-1750'>\n\t\t\t\tPetit slalom\n\t\t\t\t<\/dd><\/dl><br style=\"clear: both\" \/><dl class='gallery-item'>\n\t\t\t<dt class='gallery-icon portrait'>\n\t\t\t\t<a href='https:\/\/efan.be\/index.php\/2018\/06\/21\/journees-velo\/35629314_1880179848713355_7175794310321799168_o\/'><img width=\"225\" height=\"300\" src=\"https:\/\/efan.be\/wp-content\/uploads\/2018\/06\/35629314_1880179848713355_7175794310321799168_o-225x300.jpg\" class=\"attachment-medium size-medium\" alt=\"\" loading=\"lazy\" srcset=\"https:\/\/efan.be\/wp-content\/uploads\/2018\/06\/35629314_1880179848713355_7175794310321799168_o-225x300.jpg 225w, https:\/\/efan.be\/wp-content\/uploads\/2018\/06\/35629314_1880179848713355_7175794310321799168_o-768x1024.jpg 768w, https:\/\/efan.be\/wp-content\/uploads\/2018\/06\/35629314_1880179848713355_7175794310321799168_o-1170x1560.jpg 1170w, https:\/\/efan.be\/wp-content\/uploads\/2018\/06\/35629314_1880179848713355_7175794310321799168_o.jpg 1536w\" sizes=\"(max-width: 225px) 100vw, 225px\" \/><\/a>\n\t\t\t<\/dt><\/dl><dl class='gallery-item'>\n\t\t\t<dt class='gallery-icon landscape'>\n\t\t\t\t<a href='https:\/\/efan.be\/index.php\/2018\/06\/21\/journees-velo\/35540860_1880082742056399_3538909668715790336_o\/'><img width=\"300\" height=\"225\" src=\"https:\/\/efan.be\/wp-content\/uploads\/2018\/06\/35540860_1880082742056399_3538909668715790336_o-300x225.jpg\" class=\"attachment-medium size-medium\" alt=\"\" loading=\"lazy\" srcset=\"https:\/\/efan.be\/wp-content\/uploads\/2018\/06\/35540860_1880082742056399_3538909668715790336_o-300x225.jpg 300w, https:\/\/efan.be\/wp-content\/uploads\/2018\/06\/35540860_1880082742056399_3538909668715790336_o-768x576.jpg 768w, https:\/\/efan.be\/wp-content\/uploads\/2018\/06\/35540860_1880082742056399_3538909668715790336_o-1024x768.jpg 1024w, https:\/\/efan.be\/wp-content\/uploads\/2018\/06\/35540860_1880082742056399_3538909668715790336_o-1170x878.jpg 1170w, https:\/\/efan.be\/wp-content\/uploads\/2018\/06\/35540860_1880082742056399_3538909668715790336_o.jpg 2048w\" sizes=\"(max-width: 300px) 100vw, 300px\" \/><\/a>\n\t\t\t<\/dt><\/dl><br style=\"clear: both\" \/><dl class='gallery-item'>\n\t\t\t<dt class='gallery-icon landscape'>\n\t\t\t\t<a href='https:\/\/efan.be\/index.php\/2018\/06\/21\/journees-velo\/35550049_1880183705379636_654537111646502912_o\/'><img width=\"300\" height=\"225\" src=\"https:\/\/efan.be\/wp-content\/uploads\/2018\/06\/35550049_1880183705379636_654537111646502912_o-300x225.jpg\" class=\"attachment-medium size-medium\" alt=\"\" loading=\"lazy\" aria-describedby=\"gallery-2-1753\" srcset=\"https:\/\/efan.be\/wp-content\/uploads\/2018\/06\/35550049_1880183705379636_654537111646502912_o-300x225.jpg 300w, https:\/\/efan.be\/wp-content\/uploads\/2018\/06\/35550049_1880183705379636_654537111646502912_o-768x576.jpg 768w, https:\/\/efan.be\/wp-content\/uploads\/2018\/06\/35550049_1880183705379636_654537111646502912_o-1024x768.jpg 1024w, https:\/\/efan.be\/wp-content\/uploads\/2018\/06\/35550049_1880183705379636_654537111646502912_o-1170x878.jpg 1170w, https:\/\/efan.be\/wp-content\/uploads\/2018\/06\/35550049_1880183705379636_654537111646502912_o.jpg 2048w\" sizes=\"(max-width: 300px) 100vw, 300px\" \/><\/a>\n\t\t\t<\/dt>\n\t\t\t\t<dd class='wp-caption-text gallery-caption' id='gallery-2-1753'>\n\t\t\t\tClignoteur manuel\n\t\t\t\t<\/dd><\/dl><dl class='gallery-item'>\n\t\t\t<dt class='gallery-icon portrait'>\n\t\t\t\t<a href='https:\/\/efan.be\/index.php\/2018\/06\/21\/journees-velo\/35758439_1880181888713151_6956940854434988032_o\/'><img width=\"225\" height=\"300\" src=\"https:\/\/efan.be\/wp-content\/uploads\/2018\/06\/35758439_1880181888713151_6956940854434988032_o-225x300.jpg\" class=\"attachment-medium size-medium\" alt=\"\" loading=\"lazy\" aria-describedby=\"gallery-2-1759\" srcset=\"https:\/\/efan.be\/wp-content\/uploads\/2018\/06\/35758439_1880181888713151_6956940854434988032_o-225x300.jpg 225w, https:\/\/efan.be\/wp-content\/uploads\/2018\/06\/35758439_1880181888713151_6956940854434988032_o-768x1024.jpg 768w, https:\/\/efan.be\/wp-content\/uploads\/2018\/06\/35758439_1880181888713151_6956940854434988032_o-1170x1560.jpg 1170w, https:\/\/efan.be\/wp-content\/uploads\/2018\/06\/35758439_1880181888713151_6956940854434988032_o.jpg 1536w\" sizes=\"(max-width: 225px) 100vw, 225px\" \/><\/a>\n\t\t\t<\/dt>\n\t\t\t\t<dd class='wp-caption-text gallery-caption' id='gallery-2-1759'>\n\t\t\t\tPassage \u00e9troit\n\t\t\t\t<\/dd><\/dl><br style=\"clear: both\" \/><dl class='gallery-item'>\n\t\t\t<dt class='gallery-icon landscape'>\n\t\t\t\t<a href='https:\/\/efan.be\/index.php\/2018\/06\/21\/journees-velo\/35629351_1880283442036329_7722229577619079168_o\/'><img width=\"300\" height=\"225\" src=\"https:\/\/efan.be\/wp-content\/uploads\/2018\/06\/35629351_1880283442036329_7722229577619079168_o-300x225.jpg\" class=\"attachment-medium size-medium\" alt=\"\" loading=\"lazy\" aria-describedby=\"gallery-2-1755\" srcset=\"https:\/\/efan.be\/wp-content\/uploads\/2018\/06\/35629351_1880283442036329_7722229577619079168_o-300x225.jpg 300w, https:\/\/efan.be\/wp-content\/uploads\/2018\/06\/35629351_1880283442036329_7722229577619079168_o-768x576.jpg 768w, https:\/\/efan.be\/wp-content\/uploads\/2018\/06\/35629351_1880283442036329_7722229577619079168_o-1024x768.jpg 1024w, https:\/\/efan.be\/wp-content\/uploads\/2018\/06\/35629351_1880283442036329_7722229577619079168_o-1170x878.jpg 1170w, https:\/\/efan.be\/wp-content\/uploads\/2018\/06\/35629351_1880283442036329_7722229577619079168_o.jpg 2048w\" sizes=\"(max-width: 300px) 100vw, 300px\" \/><\/a>\n\t\t\t<\/dt>\n\t\t\t\t<dd class='wp-caption-text gallery-caption' id='gallery-2-1755'>\n\t\t\t\tPremier apprentissage\n\t\t\t\t<\/dd><\/dl><dl class='gallery-item'>\n\t\t\t<dt class='gallery-icon portrait'>\n\t\t\t\t<a href='https:\/\/efan.be\/index.php\/2018\/06\/21\/journees-velo\/35741056_1880283858702954_1723465454128726016_o\/'><img width=\"225\" height=\"300\" src=\"https:\/\/efan.be\/wp-content\/uploads\/2018\/06\/35741056_1880283858702954_1723465454128726016_o-225x300.jpg\" class=\"attachment-medium size-medium\" alt=\"\" loading=\"lazy\" srcset=\"https:\/\/efan.be\/wp-content\/uploads\/2018\/06\/35741056_1880283858702954_1723465454128726016_o-225x300.jpg 225w, https:\/\/efan.be\/wp-content\/uploads\/2018\/06\/35741056_1880283858702954_1723465454128726016_o-768x1024.jpg 768w, https:\/\/efan.be\/wp-content\/uploads\/2018\/06\/35741056_1880283858702954_1723465454128726016_o-1170x1560.jpg 1170w, https:\/\/efan.be\/wp-content\/uploads\/2018\/06\/35741056_1880283858702954_1723465454128726016_o.jpg 1536w\" sizes=\"(max-width: 225px) 100vw, 225px\" \/><\/a>\n\t\t\t<\/dt><\/dl><br style=\"clear: both\" \/>\n\t\t<\/div>\n\n","protected":false},"excerpt":{"rendered":"<p>&nbsp; &nbsp; Journ\u00e9es de la mobilit\u00e9 mardi 19 et jeudi 20 juin L&rsquo;APPER \u00a0nous a propos\u00e9 d&rsquo;initier nos \u00e9l\u00e8ves au bon usage de la conduite \u00e0 v\u00e9lo. &nbsp; Un apprentissage indispensable \u00e0 l&rsquo;heure de l&rsquo;am\u00e9lioration de la mobilit\u00e9.<\/p>\n","protected":false},"author":15,"featured_media":0,"comment_status":"open","ping_status":"open","sticky":false,"template":"","format":"standard","meta":[],"categories":[1,7,8],"tags":[],"_links":{"self":[{"href":"https:\/\/efan.be\/index.php\/wp-json\/wp\/v2\/posts\/1749"}],"collection":[{"href":"https:\/\/efan.be\/index.php\/wp-json\/wp\/v2\/posts"}],"about":[{"href":"https:\/\/efan.be\/index.php\/wp-json\/wp\/v2\/types\/post"}],"author":[{"embeddable":true,"href":"https:\/\/efan.be\/index.php\/wp-json\/wp\/v2\/users\/15"}],"replies":[{"embeddable":true,"href":"https:\/\/efan.be\/index.php\/wp-json\/wp\/v2\/comments?post=1749"}],"version-history":[{"count":5,"href":"https:\/\/efan.be\/index.php\/wp-json\/wp\/v2\/posts\/1749\/revisions"}],"predecessor-version":[{"id":1767,"href":"https:\/\/efan.be\/index.php\/wp-json\/wp\/v2\/posts\/1749\/revisions\/1767"}],"wp:attachment":[{"href":"https:\/\/efan.be\/index.php\/wp-json\/wp\/v2\/media?parent=1749"}],"wp:term":[{"taxonomy":"category","embeddable":true,"href":"https:\/\/efan.be\/index.php\/wp-json\/wp\/v2\/categories?post=1749"},{"taxonomy":"post_tag","embeddable":true,"href":"https:\/\/efan.be\/index.php\/wp-json\/wp\/v2\/tags?post=1749"}],"curies":[{"name":"wp","href":"https:\/\/api.w.org\/{rel}","templated":true}]}}