{"id":2537,"date":"2019-10-17T13:19:18","date_gmt":"2019-10-17T11:19:18","guid":{"rendered":"http:\/\/efan.be\/?p=2537"},"modified":"2019-10-17T14:04:34","modified_gmt":"2019-10-17T12:04:34","slug":"activite-en-premiere-annee-primaire","status":"publish","type":"post","link":"https:\/\/efan.be\/index.php\/2019\/10\/17\/activite-en-premiere-annee-primaire\/","title":{"rendered":"Activit\u00e9 en premi\u00e8re ann\u00e9e primaire"},"content":{"rendered":"<p>Ce vendredi 11 octobre, la mamy d\u2019Arthur et son amie Carine sont venues nous pr\u00e9senter des livres qui expliquent l\u2019art. Nous avons d\u00e9couvert des sculptures en terre.<br \/>\nEnsuite, nous avons particip\u00e9 \u00e0 un atelier o\u00f9 nous avons pu manipuler l\u2019argile pour r\u00e9aliser un bas-relief en pl\u00e2tre.<br \/>\nNous avons continu\u00e9 \u00e0 modeler cette terre d\u2019argile pour r\u00e9aliser de beaux bougeoirs en forme de potiron !! Quelle chouette exp\u00e9rience !<\/p>\n<p><img loading=\"lazy\" class=\"alignnone size-medium wp-image-2532\" src=\"http:\/\/efan.be\/wp-content\/uploads\/2019\/10\/20191011_132859-300x225.jpg\" alt=\"\" width=\"300\" height=\"225\" srcset=\"https:\/\/efan.be\/wp-content\/uploads\/2019\/10\/20191011_132859-300x225.jpg 300w, https:\/\/efan.be\/wp-content\/uploads\/2019\/10\/20191011_132859-768x576.jpg 768w, https:\/\/efan.be\/wp-content\/uploads\/2019\/10\/20191011_132859-1024x768.jpg 1024w, https:\/\/efan.be\/wp-content\/uploads\/2019\/10\/20191011_132859-1170x878.jpg 1170w, https:\/\/efan.be\/wp-content\/uploads\/2019\/10\/20191011_132859.jpg 1248w\" sizes=\"(max-width: 300px) 100vw, 300px\" \/> <img loading=\"lazy\" class=\"alignnone size-medium wp-image-2533\" src=\"http:\/\/efan.be\/wp-content\/uploads\/2019\/10\/20191011_133702-225x300.jpg\" alt=\"\" width=\"225\" height=\"300\" srcset=\"https:\/\/efan.be\/wp-content\/uploads\/2019\/10\/20191011_133702-225x300.jpg 225w, https:\/\/efan.be\/wp-content\/uploads\/2019\/10\/20191011_133702.jpg 702w\" sizes=\"(max-width: 225px) 100vw, 225px\" \/> <img loading=\"lazy\" class=\"alignnone size-medium wp-image-2534\" src=\"http:\/\/efan.be\/wp-content\/uploads\/2019\/10\/20191011_135155-225x300.jpg\" alt=\"\" width=\"225\" height=\"300\" srcset=\"https:\/\/efan.be\/wp-content\/uploads\/2019\/10\/20191011_135155-225x300.jpg 225w, https:\/\/efan.be\/wp-content\/uploads\/2019\/10\/20191011_135155.jpg 702w\" sizes=\"(max-width: 225px) 100vw, 225px\" \/> <img loading=\"lazy\" class=\"alignnone size-medium wp-image-2535\" src=\"http:\/\/efan.be\/wp-content\/uploads\/2019\/10\/20191014_124939-1-225x300.jpg\" alt=\"\" width=\"225\" height=\"300\" srcset=\"https:\/\/efan.be\/wp-content\/uploads\/2019\/10\/20191014_124939-1-225x300.jpg 225w, https:\/\/efan.be\/wp-content\/uploads\/2019\/10\/20191014_124939-1.jpg 702w\" sizes=\"(max-width: 225px) 100vw, 225px\" \/> <img loading=\"lazy\" class=\"alignnone size-medium wp-image-2536\" src=\"http:\/\/efan.be\/wp-content\/uploads\/2019\/10\/20191014_141758-1-300x225.jpg\" alt=\"\" width=\"300\" height=\"225\" srcset=\"https:\/\/efan.be\/wp-content\/uploads\/2019\/10\/20191014_141758-1-300x225.jpg 300w, https:\/\/efan.be\/wp-content\/uploads\/2019\/10\/20191014_141758-1-768x576.jpg 768w, https:\/\/efan.be\/wp-content\/uploads\/2019\/10\/20191014_141758-1-1024x768.jpg 1024w, https:\/\/efan.be\/wp-content\/uploads\/2019\/10\/20191014_141758-1-1170x878.jpg 1170w, https:\/\/efan.be\/wp-content\/uploads\/2019\/10\/20191014_141758-1.jpg 1248w\" sizes=\"(max-width: 300px) 100vw, 300px\" \/><\/p>\n","protected":false},"excerpt":{"rendered":"<p>Ce vendredi 11 octobre, la mamy d\u2019Arthur et son amie Carine sont venues nous pr\u00e9senter des livres qui expliquent l\u2019art. Nous avons d\u00e9couvert des sculptures en terre. Ensuite, nous avons particip\u00e9 \u00e0 un atelier o\u00f9 nous avons pu manipuler l\u2019argile pour r\u00e9aliser un bas-relief en pl\u00e2tre. Nous avons continu\u00e9 \u00e0 modeler cette terre d\u2019argile pour &hellip; <\/p>\n<p><a class=\"more-link btn\" href=\"https:\/\/efan.be\/index.php\/2019\/10\/17\/activite-en-premiere-annee-primaire\/\">Lire la suite<\/a><\/p>\n","protected":false},"author":15,"featured_media":0,"comment_status":"open","ping_status":"open","sticky":false,"template":"","format":"standard","meta":[],"categories":[8],"tags":[],"_links":{"self":[{"href":"https:\/\/efan.be\/index.php\/wp-json\/wp\/v2\/posts\/2537"}],"collection":[{"href":"https:\/\/efan.be\/index.php\/wp-json\/wp\/v2\/posts"}],"about":[{"href":"https:\/\/efan.be\/index.php\/wp-json\/wp\/v2\/types\/post"}],"author":[{"embeddable":true,"href":"https:\/\/efan.be\/index.php\/wp-json\/wp\/v2\/users\/15"}],"replies":[{"embeddable":true,"href":"https:\/\/efan.be\/index.php\/wp-json\/wp\/v2\/comments?post=2537"}],"version-history":[{"count":2,"href":"https:\/\/efan.be\/index.php\/wp-json\/wp\/v2\/posts\/2537\/revisions"}],"predecessor-version":[{"id":2556,"href":"https:\/\/efan.be\/index.php\/wp-json\/wp\/v2\/posts\/2537\/revisions\/2556"}],"wp:attachment":[{"href":"https:\/\/efan.be\/index.php\/wp-json\/wp\/v2\/media?parent=2537"}],"wp:term":[{"taxonomy":"category","embeddable":true,"href":"https:\/\/efan.be\/index.php\/wp-json\/wp\/v2\/categories?post=2537"},{"taxonomy":"post_tag","embeddable":true,"href":"https:\/\/efan.be\/index.php\/wp-json\/wp\/v2\/tags?post=2537"}],"curies":[{"name":"wp","href":"https:\/\/api.w.org\/{rel}","templated":true}]}}