{"id":2540,"date":"2019-10-17T13:23:04","date_gmt":"2019-10-17T11:23:04","guid":{"rendered":"http:\/\/efan.be\/?p=2540"},"modified":"2019-10-17T13:23:12","modified_gmt":"2019-10-17T11:23:12","slug":"a-la-decouverte-des-arbres-remarquables-de-la-commune-avec-madame-genevieve","status":"publish","type":"post","link":"https:\/\/efan.be\/index.php\/2019\/10\/17\/a-la-decouverte-des-arbres-remarquables-de-la-commune-avec-madame-genevieve\/","title":{"rendered":"\u00c0 la d\u00e9couverte des arbres remarquables de la commune avec Madame Genevi\u00e8ve"},"content":{"rendered":"<p><img loading=\"lazy\" class=\"alignnone size-medium wp-image-2539\" src=\"http:\/\/efan.be\/wp-content\/uploads\/2019\/10\/72662442_2655861214478544_1051811231360352256_n-240x300.jpg\" alt=\"\" width=\"240\" height=\"300\" srcset=\"https:\/\/efan.be\/wp-content\/uploads\/2019\/10\/72662442_2655861214478544_1051811231360352256_n-240x300.jpg 240w, https:\/\/efan.be\/wp-content\/uploads\/2019\/10\/72662442_2655861214478544_1051811231360352256_n.jpg 768w\" sizes=\"(max-width: 240px) 100vw, 240px\" \/><\/p>\n","protected":false},"excerpt":{"rendered":"","protected":false},"author":15,"featured_media":0,"comment_status":"open","ping_status":"open","sticky":false,"template":"","format":"standard","meta":[],"categories":[8],"tags":[],"_links":{"self":[{"href":"https:\/\/efan.be\/index.php\/wp-json\/wp\/v2\/posts\/2540"}],"collection":[{"href":"https:\/\/efan.be\/index.php\/wp-json\/wp\/v2\/posts"}],"about":[{"href":"https:\/\/efan.be\/index.php\/wp-json\/wp\/v2\/types\/post"}],"author":[{"embeddable":true,"href":"https:\/\/efan.be\/index.php\/wp-json\/wp\/v2\/users\/15"}],"replies":[{"embeddable":true,"href":"https:\/\/efan.be\/index.php\/wp-json\/wp\/v2\/comments?post=2540"}],"version-history":[{"count":1,"href":"https:\/\/efan.be\/index.php\/wp-json\/wp\/v2\/posts\/2540\/revisions"}],"predecessor-version":[{"id":2541,"href":"https:\/\/efan.be\/index.php\/wp-json\/wp\/v2\/posts\/2540\/revisions\/2541"}],"wp:attachment":[{"href":"https:\/\/efan.be\/index.php\/wp-json\/wp\/v2\/media?parent=2540"}],"wp:term":[{"taxonomy":"category","embeddable":true,"href":"https:\/\/efan.be\/index.php\/wp-json\/wp\/v2\/categories?post=2540"},{"taxonomy":"post_tag","embeddable":true,"href":"https:\/\/efan.be\/index.php\/wp-json\/wp\/v2\/tags?post=2540"}],"curies":[{"name":"wp","href":"https:\/\/api.w.org\/{rel}","templated":true}]}}