{"id":6058,"date":"2024-05-21T13:37:20","date_gmt":"2024-05-21T11:37:20","guid":{"rendered":"http:\/\/efan.be\/?p=6058"},"modified":"2024-05-21T13:37:23","modified_gmt":"2024-05-21T11:37:23","slug":"dictee-du-balfroid","status":"publish","type":"post","link":"https:\/\/efan.be\/index.php\/2024\/05\/21\/dictee-du-balfroid\/","title":{"rendered":"Dict\u00e9e du Balfroid"},"content":{"rendered":"\n<p><span style=\"color: #000000;\">Bravo \u00e0 nos 6 \u00e9l\u00e8ves pour leur participation \u00e0 la dict\u00e9e du Balfroid de ce samedi 18 mai : Ath\u00e9na\u00efs, Elise, Olivia, Lyana, Amelia et Eliott<\/span> <span class=\"html-span xexx8yu x4uap5 x18d9i69 xkhd6sd x1hl2dhg x16tdsg8 x1vvkbs x3nfvp2 x1j61x8r x1fcty0u xdj266r xhhsvwb xat24cr xgzva0m xxymvpz xlup9mm x1kky2od\"><img loading=\"lazy\" class=\"xz74otr\" src=\"https:\/\/static.xx.fbcdn.net\/images\/emoji.php\/v9\/t6c\/1\/16\/1f4aa.png\" alt=\"\ud83d\udcaa\" width=\"16\" height=\"16\" \/><\/span><\/p>\n<p><img loading=\"lazy\" class=\"alignleft wp-image-6056 size-medium\" src=\"http:\/\/efan.be\/wp-content\/uploads\/2024\/05\/441953456_10211172432423160_893706495290720150_n-225x300.jpg\" alt=\"\" width=\"225\" height=\"300\" srcset=\"https:\/\/efan.be\/wp-content\/uploads\/2024\/05\/441953456_10211172432423160_893706495290720150_n-225x300.jpg 225w, https:\/\/efan.be\/wp-content\/uploads\/2024\/05\/441953456_10211172432423160_893706495290720150_n.jpg 450w\" sizes=\"(max-width: 225px) 100vw, 225px\" \/><\/p>\n<p><img loading=\"lazy\" class=\"alignnone size-medium wp-image-6057\" src=\"http:\/\/efan.be\/wp-content\/uploads\/2024\/05\/442492615_10211172435023225_3535758337471043969_n-300x225.jpg\" alt=\"\" width=\"300\" height=\"225\" srcset=\"https:\/\/efan.be\/wp-content\/uploads\/2024\/05\/442492615_10211172435023225_3535758337471043969_n-300x225.jpg 300w, https:\/\/efan.be\/wp-content\/uploads\/2024\/05\/442492615_10211172435023225_3535758337471043969_n-1024x768.jpg 1024w, https:\/\/efan.be\/wp-content\/uploads\/2024\/05\/442492615_10211172435023225_3535758337471043969_n-768x576.jpg 768w, https:\/\/efan.be\/wp-content\/uploads\/2024\/05\/442492615_10211172435023225_3535758337471043969_n-1536x1152.jpg 1536w, https:\/\/efan.be\/wp-content\/uploads\/2024\/05\/442492615_10211172435023225_3535758337471043969_n-750x563.jpg 750w, https:\/\/efan.be\/wp-content\/uploads\/2024\/05\/442492615_10211172435023225_3535758337471043969_n.jpg 2048w\" sizes=\"(max-width: 300px) 100vw, 300px\" \/><\/p>\n","protected":false},"excerpt":{"rendered":"<p>Bravo \u00e0 nos 6 \u00e9l\u00e8ves pour leur participation \u00e0 la dict\u00e9e du Balfroid de ce samedi 18 mai : Ath\u00e9na\u00efs, Elise, Olivia, Lyana, Amelia et Eliott<\/p>\n","protected":false},"author":15,"featured_media":6057,"comment_status":"open","ping_status":"open","sticky":false,"template":"","format":"standard","meta":[],"categories":[8],"tags":[],"_links":{"self":[{"href":"https:\/\/efan.be\/index.php\/wp-json\/wp\/v2\/posts\/6058"}],"collection":[{"href":"https:\/\/efan.be\/index.php\/wp-json\/wp\/v2\/posts"}],"about":[{"href":"https:\/\/efan.be\/index.php\/wp-json\/wp\/v2\/types\/post"}],"author":[{"embeddable":true,"href":"https:\/\/efan.be\/index.php\/wp-json\/wp\/v2\/users\/15"}],"replies":[{"embeddable":true,"href":"https:\/\/efan.be\/index.php\/wp-json\/wp\/v2\/comments?post=6058"}],"version-history":[{"count":1,"href":"https:\/\/efan.be\/index.php\/wp-json\/wp\/v2\/posts\/6058\/revisions"}],"predecessor-version":[{"id":6059,"href":"https:\/\/efan.be\/index.php\/wp-json\/wp\/v2\/posts\/6058\/revisions\/6059"}],"wp:featuredmedia":[{"embeddable":true,"href":"https:\/\/efan.be\/index.php\/wp-json\/wp\/v2\/media\/6057"}],"wp:attachment":[{"href":"https:\/\/efan.be\/index.php\/wp-json\/wp\/v2\/media?parent=6058"}],"wp:term":[{"taxonomy":"category","embeddable":true,"href":"https:\/\/efan.be\/index.php\/wp-json\/wp\/v2\/categories?post=6058"},{"taxonomy":"post_tag","embeddable":true,"href":"https:\/\/efan.be\/index.php\/wp-json\/wp\/v2\/tags?post=6058"}],"curies":[{"name":"wp","href":"https:\/\/api.w.org\/{rel}","templated":true}]}}