{"id":7724,"date":"2026-03-06T08:39:13","date_gmt":"2026-03-06T07:39:13","guid":{"rendered":"https:\/\/efan.be\/?p=7724"},"modified":"2026-03-06T08:39:45","modified_gmt":"2026-03-06T07:39:45","slug":"semaine-de-reprise-semaine-de-re-enseignement-au-sein-du-scp","status":"publish","type":"post","link":"https:\/\/efan.be\/index.php\/2026\/03\/06\/semaine-de-reprise-semaine-de-re-enseignement-au-sein-du-scp\/","title":{"rendered":"Semaine de reprise = semaine de r\u00e9 enseignement au sein du SCP !"},"content":{"rendered":"\n<div class=\"x14z9mp xat24cr x1lziwak x1vvkbs xtlvy1s x126k92a\">\n<div dir=\"auto\"><span style=\"color: #000000;\">En cette semaine de retour de cong\u00e9, chaque titulaire de maternelle et de primaire a pris le temps de r\u00e9enseigner \u00e0 sa classe les comportements attendus dans notre \u00e9cole.<\/span><br \/><br \/><\/div>\n<\/div>\n<div class=\"x14z9mp xat24cr x1lziwak x1vvkbs xtlvy1s x126k92a\">\n<div dir=\"auto\"><span style=\"color: #000000;\">Il est essentiel de r\u00e9expliquer \u00e0 chaque enfant, dans les diff\u00e9rents lieux de vie, les r\u00e8gles propres \u00e0 notre \u00e9cole. En effet, chaque maison a ses propres r\u00e8gles\u2026 et notre \u00e9cole a \u00e9tabli les siennes, communes \u00e0 tous, afin que chacun puisse \u00e9voluer dans un cadre clair, s\u00e9curisant et bienveillant.<\/span><br \/><br \/><\/div>\n<\/div>\n<div class=\"x14z9mp xat24cr x1lziwak x1vvkbs xtlvy1s x126k92a\">\n<div dir=\"auto\"><span style=\"color: #000000;\">Ce jeudi, nous avons profit\u00e9 du beau soleil pour rappeler ensemble :<\/span><\/div>\n<div dir=\"auto\"><span style=\"color: #000000;\"><span class=\"html-span xexx8yu xyri2b x18d9i69 x1c1uobl x1hl2dhg x16tdsg8 x1vvkbs x3nfvp2 x1j61x8r x1fcty0u xdj266r xat24cr xm2jcoa x1mpyi22 xxymvpz xlup9mm x1kky2od\"><img loading=\"lazy\" class=\"xz74otr x15mokao x1ga7v0g x16uus16 xbiv7yw\" src=\"https:\/\/static.xx.fbcdn.net\/images\/emoji.php\/v9\/t1e\/1\/16\/1f33f.png\" alt=\"\ud83c\udf3f\" width=\"16\" height=\"16\" \/><\/span> Les 18 comportements attendus dans les diff\u00e9rents lieux communs<\/span><\/div>\n<div dir=\"auto\"><span style=\"color: #000000;\"><span class=\"html-span xexx8yu xyri2b x18d9i69 x1c1uobl x1hl2dhg x16tdsg8 x1vvkbs x3nfvp2 x1j61x8r x1fcty0u xdj266r xat24cr xm2jcoa x1mpyi22 xxymvpz xlup9mm x1kky2od\"><img loading=\"lazy\" class=\"xz74otr x15mokao x1ga7v0g x16uus16 xbiv7yw\" src=\"https:\/\/static.xx.fbcdn.net\/images\/emoji.php\/v9\/t49\/1\/16\/1f4da.png\" alt=\"\ud83d\udcda\" width=\"16\" height=\"16\" \/><\/span> Les 6 comportements attendus en classe<\/span><br \/><br \/><\/div>\n<\/div>\n<div class=\"x14z9mp xat24cr x1lziwak x1vvkbs xtlvy1s x126k92a\">\n<div dir=\"auto\"><span style=\"color: #000000;\">Un moment important pour repartir sur de bonnes bases, renforcer le vivre-ensemble et permettre \u00e0 chacun de s\u2019\u00e9panouir pleinement au sein de notre \u00e9cole <span class=\"html-span xexx8yu xyri2b x18d9i69 x1c1uobl x1hl2dhg x16tdsg8 x1vvkbs x3nfvp2 x1j61x8r x1fcty0u xdj266r xat24cr xm2jcoa x1mpyi22 xxymvpz xlup9mm x1kky2od\"><img loading=\"lazy\" class=\"xz74otr x15mokao x1ga7v0g x16uus16 xbiv7yw\" src=\"https:\/\/static.xx.fbcdn.net\/images\/emoji.php\/v9\/t15\/1\/16\/1f49b.png\" alt=\"\ud83d\udc9b\" width=\"16\" height=\"16\" \/><\/span><\/span><\/div>\n<\/div>\n<div dir=\"auto\">\u00a0<\/div>\n<div dir=\"auto\"><img loading=\"lazy\" class=\"size-medium wp-image-7721 alignleft\" src=\"http:\/\/efan.be\/wp-content\/uploads\/2026\/03\/3e4607b5-a208-45dc-b4a6-d001669404cd-300x225.jpg\" alt=\"\" width=\"300\" height=\"225\" srcset=\"https:\/\/efan.be\/wp-content\/uploads\/2026\/03\/3e4607b5-a208-45dc-b4a6-d001669404cd-300x225.jpg 300w, https:\/\/efan.be\/wp-content\/uploads\/2026\/03\/3e4607b5-a208-45dc-b4a6-d001669404cd-1024x768.jpg 1024w, https:\/\/efan.be\/wp-content\/uploads\/2026\/03\/3e4607b5-a208-45dc-b4a6-d001669404cd-768x576.jpg 768w, https:\/\/efan.be\/wp-content\/uploads\/2026\/03\/3e4607b5-a208-45dc-b4a6-d001669404cd-1536x1152.jpg 1536w, https:\/\/efan.be\/wp-content\/uploads\/2026\/03\/3e4607b5-a208-45dc-b4a6-d001669404cd-750x563.jpg 750w, https:\/\/efan.be\/wp-content\/uploads\/2026\/03\/3e4607b5-a208-45dc-b4a6-d001669404cd.jpg 2048w\" sizes=\"(max-width: 300px) 100vw, 300px\" \/> <img loading=\"lazy\" class=\"size-medium wp-image-7723 alignright\" src=\"http:\/\/efan.be\/wp-content\/uploads\/2026\/03\/e04df237-ad3f-41ce-9273-b1fef2bccecc-300x225.jpg\" alt=\"\" width=\"300\" height=\"225\" srcset=\"https:\/\/efan.be\/wp-content\/uploads\/2026\/03\/e04df237-ad3f-41ce-9273-b1fef2bccecc-300x225.jpg 300w, https:\/\/efan.be\/wp-content\/uploads\/2026\/03\/e04df237-ad3f-41ce-9273-b1fef2bccecc-1024x768.jpg 1024w, https:\/\/efan.be\/wp-content\/uploads\/2026\/03\/e04df237-ad3f-41ce-9273-b1fef2bccecc-768x576.jpg 768w, https:\/\/efan.be\/wp-content\/uploads\/2026\/03\/e04df237-ad3f-41ce-9273-b1fef2bccecc-1536x1152.jpg 1536w, https:\/\/efan.be\/wp-content\/uploads\/2026\/03\/e04df237-ad3f-41ce-9273-b1fef2bccecc-750x563.jpg 750w, https:\/\/efan.be\/wp-content\/uploads\/2026\/03\/e04df237-ad3f-41ce-9273-b1fef2bccecc.jpg 2048w\" sizes=\"(max-width: 300px) 100vw, 300px\" \/> <img loading=\"lazy\" class=\"size-medium wp-image-7722 alignleft\" src=\"http:\/\/efan.be\/wp-content\/uploads\/2026\/03\/9d4b6a6c-925d-45d1-98d1-9ff266333e1e-300x225.jpg\" alt=\"\" width=\"300\" height=\"225\" srcset=\"https:\/\/efan.be\/wp-content\/uploads\/2026\/03\/9d4b6a6c-925d-45d1-98d1-9ff266333e1e-300x225.jpg 300w, https:\/\/efan.be\/wp-content\/uploads\/2026\/03\/9d4b6a6c-925d-45d1-98d1-9ff266333e1e-1024x768.jpg 1024w, https:\/\/efan.be\/wp-content\/uploads\/2026\/03\/9d4b6a6c-925d-45d1-98d1-9ff266333e1e-768x576.jpg 768w, https:\/\/efan.be\/wp-content\/uploads\/2026\/03\/9d4b6a6c-925d-45d1-98d1-9ff266333e1e-1536x1152.jpg 1536w, https:\/\/efan.be\/wp-content\/uploads\/2026\/03\/9d4b6a6c-925d-45d1-98d1-9ff266333e1e-750x563.jpg 750w, https:\/\/efan.be\/wp-content\/uploads\/2026\/03\/9d4b6a6c-925d-45d1-98d1-9ff266333e1e.jpg 2048w\" sizes=\"(max-width: 300px) 100vw, 300px\" \/><\/div>\n","protected":false},"excerpt":{"rendered":"<p>En cette semaine de retour de cong\u00e9, chaque titulaire de maternelle et de primaire a pris le temps de r\u00e9enseigner \u00e0 sa classe les comportements attendus dans notre \u00e9cole. Il est essentiel de r\u00e9expliquer \u00e0 chaque enfant, dans les diff\u00e9rents lieux de vie, les r\u00e8gles propres \u00e0 notre \u00e9cole. En effet, chaque maison a ses &hellip; <\/p>\n<p><a class=\"more-link btn\" href=\"https:\/\/efan.be\/index.php\/2026\/03\/06\/semaine-de-reprise-semaine-de-re-enseignement-au-sein-du-scp\/\">Lire la suite<\/a><\/p>\n","protected":false},"author":15,"featured_media":7723,"comment_status":"open","ping_status":"open","sticky":false,"template":"","format":"standard","meta":[],"categories":[7,8],"tags":[],"_links":{"self":[{"href":"https:\/\/efan.be\/index.php\/wp-json\/wp\/v2\/posts\/7724"}],"collection":[{"href":"https:\/\/efan.be\/index.php\/wp-json\/wp\/v2\/posts"}],"about":[{"href":"https:\/\/efan.be\/index.php\/wp-json\/wp\/v2\/types\/post"}],"author":[{"embeddable":true,"href":"https:\/\/efan.be\/index.php\/wp-json\/wp\/v2\/users\/15"}],"replies":[{"embeddable":true,"href":"https:\/\/efan.be\/index.php\/wp-json\/wp\/v2\/comments?post=7724"}],"version-history":[{"count":2,"href":"https:\/\/efan.be\/index.php\/wp-json\/wp\/v2\/posts\/7724\/revisions"}],"predecessor-version":[{"id":7726,"href":"https:\/\/efan.be\/index.php\/wp-json\/wp\/v2\/posts\/7724\/revisions\/7726"}],"wp:featuredmedia":[{"embeddable":true,"href":"https:\/\/efan.be\/index.php\/wp-json\/wp\/v2\/media\/7723"}],"wp:attachment":[{"href":"https:\/\/efan.be\/index.php\/wp-json\/wp\/v2\/media?parent=7724"}],"wp:term":[{"taxonomy":"category","embeddable":true,"href":"https:\/\/efan.be\/index.php\/wp-json\/wp\/v2\/categories?post=7724"},{"taxonomy":"post_tag","embeddable":true,"href":"https:\/\/efan.be\/index.php\/wp-json\/wp\/v2\/tags?post=7724"}],"curies":[{"name":"wp","href":"https:\/\/api.w.org\/{rel}","templated":true}]}}