{"id":792,"date":"2017-10-02T22:45:12","date_gmt":"2017-10-02T20:45:12","guid":{"rendered":"http:\/\/efan.be\/?p=792"},"modified":"2017-10-06T15:16:12","modified_gmt":"2017-10-06T13:16:12","slug":"792","status":"publish","type":"post","link":"https:\/\/efan.be\/index.php\/2017\/10\/02\/792\/","title":{"rendered":"Jour 1 &#8211; Normandie 2017"},"content":{"rendered":"<p>Nous voil\u00e0 enfin pos\u00e9es pour pouvoir vous donner des nouvelles\u00a0 \ud83d\ude44<\/p>\n<p>Le voyage s&rsquo;est bien d\u00e9roul\u00e9. Nous avons fait une halte \u00e0 Amiens o\u00f9 les enfants se sont \u00e9merveill\u00e9s devant la cath\u00e9drale.<br \/>\nIls \u00e9taient surpris par les volumes et la richesse de ce b\u00e2timent.<\/p>\n<p>La deuxi\u00e8me partie du voyage a \u00e9t\u00e9 ponctu\u00e9e par plusieurs arr\u00eats.<\/p>\n<p>Nous sommes arriv\u00e9s vers 19h \u00e0 Coutainville.<\/p>\n<p>Juste le temps de se mettre \u00e0 table (entr\u00e9e: salade et thon &#8211; plat: filet de lieu et riz \u00e0 la sauce des \u00eeles &#8211; dessert: tarte au flan) et ensuite, les enfants ont d\u00e9couvert leur chambre.<\/p>\n<p>Pour terminer la journ\u00e9e, ils ont eu une animation danse.<\/p>\n<p>Tout le monde va bien. Ils sont tous au lit pour \u00eatre en forme pour la journ\u00e9e sportive de demain.<\/p>\n<div id=\"attachment_793\" style=\"width: 300px\" class=\"wp-caption aligncenter\"><img aria-describedby=\"caption-attachment-793\" loading=\"lazy\" class=\"size-medium wp-image-793\" src=\"http:\/\/efan.be\/wp-content\/uploads\/2017\/10\/IMG_0293-300x225.jpg\" alt=\"\" width=\"300\" height=\"225\" srcset=\"https:\/\/efan.be\/wp-content\/uploads\/2017\/10\/IMG_0293-300x225.jpg 300w, https:\/\/efan.be\/wp-content\/uploads\/2017\/10\/IMG_0293-768x576.jpg 768w, https:\/\/efan.be\/wp-content\/uploads\/2017\/10\/IMG_0293-1024x768.jpg 1024w, https:\/\/efan.be\/wp-content\/uploads\/2017\/10\/IMG_0293-1170x878.jpg 1170w\" sizes=\"(max-width: 300px) 100vw, 300px\" \/><p id=\"caption-attachment-793\" class=\"wp-caption-text\">En avant!<\/p><\/div>\n<p><img loading=\"lazy\" class=\"size-medium wp-image-794 aligncenter\" src=\"http:\/\/efan.be\/wp-content\/uploads\/2017\/10\/IMG_0302-300x225.jpg\" alt=\"\" width=\"300\" height=\"225\" \/><\/p>\n<div id=\"attachment_795\" style=\"width: 300px\" class=\"wp-caption aligncenter\"><img aria-describedby=\"caption-attachment-795\" loading=\"lazy\" class=\"size-medium wp-image-795\" src=\"http:\/\/efan.be\/wp-content\/uploads\/2017\/10\/IMG_0318-300x225.jpg\" alt=\"\" width=\"300\" height=\"225\" srcset=\"https:\/\/efan.be\/wp-content\/uploads\/2017\/10\/IMG_0318-300x225.jpg 300w, https:\/\/efan.be\/wp-content\/uploads\/2017\/10\/IMG_0318-768x576.jpg 768w, https:\/\/efan.be\/wp-content\/uploads\/2017\/10\/IMG_0318-1024x768.jpg 1024w, https:\/\/efan.be\/wp-content\/uploads\/2017\/10\/IMG_0318-1170x878.jpg 1170w\" sizes=\"(max-width: 300px) 100vw, 300px\" \/><p id=\"caption-attachment-795\" class=\"wp-caption-text\">Les magnifiques vitraux<\/p><\/div>\n<p><img loading=\"lazy\" class=\"aligncenter size-medium wp-image-798\" src=\"http:\/\/efan.be\/wp-content\/uploads\/2017\/10\/IMG_0319-e1506976847817-225x300.jpg\" alt=\"\" width=\"225\" height=\"300\" srcset=\"https:\/\/efan.be\/wp-content\/uploads\/2017\/10\/IMG_0319-e1506976847817-225x300.jpg 225w, https:\/\/efan.be\/wp-content\/uploads\/2017\/10\/IMG_0319-e1506976847817-768x1024.jpg 768w, https:\/\/efan.be\/wp-content\/uploads\/2017\/10\/IMG_0319-e1506976847817-1170x1560.jpg 1170w\" sizes=\"(max-width: 225px) 100vw, 225px\" \/><img loading=\"lazy\" class=\"aligncenter size-medium wp-image-797\" src=\"http:\/\/efan.be\/wp-content\/uploads\/2017\/10\/IMG_0327-e1506976825257-225x300.jpg\" alt=\"\" width=\"225\" height=\"300\" \/><\/p>\n","protected":false},"excerpt":{"rendered":"<p>Nous voil\u00e0 enfin pos\u00e9es pour pouvoir vous donner des nouvelles\u00a0 \ud83d\ude44 Le voyage s&rsquo;est bien d\u00e9roul\u00e9. Nous avons fait une halte \u00e0 Amiens o\u00f9 les enfants se sont \u00e9merveill\u00e9s devant la cath\u00e9drale. Ils \u00e9taient surpris par les volumes et la richesse de ce b\u00e2timent. La deuxi\u00e8me partie du voyage a \u00e9t\u00e9 ponctu\u00e9e par plusieurs arr\u00eats. &hellip; <\/p>\n<p><a class=\"more-link btn\" href=\"https:\/\/efan.be\/index.php\/2017\/10\/02\/792\/\">Lire la suite<\/a><\/p>\n","protected":false},"author":12,"featured_media":797,"comment_status":"open","ping_status":"open","sticky":false,"template":"","format":"standard","meta":[],"categories":[8,9],"tags":[],"_links":{"self":[{"href":"https:\/\/efan.be\/index.php\/wp-json\/wp\/v2\/posts\/792"}],"collection":[{"href":"https:\/\/efan.be\/index.php\/wp-json\/wp\/v2\/posts"}],"about":[{"href":"https:\/\/efan.be\/index.php\/wp-json\/wp\/v2\/types\/post"}],"author":[{"embeddable":true,"href":"https:\/\/efan.be\/index.php\/wp-json\/wp\/v2\/users\/12"}],"replies":[{"embeddable":true,"href":"https:\/\/efan.be\/index.php\/wp-json\/wp\/v2\/comments?post=792"}],"version-history":[{"count":3,"href":"https:\/\/efan.be\/index.php\/wp-json\/wp\/v2\/posts\/792\/revisions"}],"predecessor-version":[{"id":837,"href":"https:\/\/efan.be\/index.php\/wp-json\/wp\/v2\/posts\/792\/revisions\/837"}],"wp:featuredmedia":[{"embeddable":true,"href":"https:\/\/efan.be\/index.php\/wp-json\/wp\/v2\/media\/797"}],"wp:attachment":[{"href":"https:\/\/efan.be\/index.php\/wp-json\/wp\/v2\/media?parent=792"}],"wp:term":[{"taxonomy":"category","embeddable":true,"href":"https:\/\/efan.be\/index.php\/wp-json\/wp\/v2\/categories?post=792"},{"taxonomy":"post_tag","embeddable":true,"href":"https:\/\/efan.be\/index.php\/wp-json\/wp\/v2\/tags?post=792"}],"curies":[{"name":"wp","href":"https:\/\/api.w.org\/{rel}","templated":true}]}}