{"id":806,"date":"2017-10-03T22:12:12","date_gmt":"2017-10-03T20:12:12","guid":{"rendered":"http:\/\/efan.be\/?p=806"},"modified":"2017-10-03T22:12:12","modified_gmt":"2017-10-03T20:12:12","slug":"jour-2-normandie-2017","status":"publish","type":"post","link":"https:\/\/efan.be\/index.php\/2017\/10\/03\/jour-2-normandie-2017\/","title":{"rendered":"Jour 2 &#8211; Normandie 2017"},"content":{"rendered":"<p>Deuxi\u00e8me journ\u00e9e plac\u00e9e sous le signe du sport. Les enfants ont \u00e9t\u00e9 initi\u00e9s au char \u00e0 voile et au cerf-volant, ce qui leur a demand\u00e9 beaucoup de concentration et d&rsquo;adresse.<br \/>\nIls ont appr\u00e9ci\u00e9 se promener sur l&rsquo;estran, la digue et dans les dunes.<\/p>\n<p>Nous sommes tous rentr\u00e9s avec le rose aux joues. Le temps est magnifique.<\/p>\n<p>Au souper, les enfants se sont r\u00e9gal\u00e9s avec une pizza maison et une glace.<\/p>\n<p>Pour cl\u00f4turer la journ\u00e9e, soir\u00e9e chant et danse suivie d&rsquo;une s\u00e9ance de relaxation.<\/p>\n<p>Les enfants sont au lit car demain lever \u00e0 5h45 pour se rendre au Mont-Saint-Michel.<img loading=\"lazy\" class=\"aligncenter size-medium wp-image-807\" src=\"http:\/\/efan.be\/wp-content\/uploads\/2017\/10\/IMG_0342-300x225.jpg\" alt=\"\" width=\"300\" height=\"225\" srcset=\"https:\/\/efan.be\/wp-content\/uploads\/2017\/10\/IMG_0342-300x225.jpg 300w, https:\/\/efan.be\/wp-content\/uploads\/2017\/10\/IMG_0342-768x576.jpg 768w, https:\/\/efan.be\/wp-content\/uploads\/2017\/10\/IMG_0342-1024x768.jpg 1024w, https:\/\/efan.be\/wp-content\/uploads\/2017\/10\/IMG_0342-1170x878.jpg 1170w\" sizes=\"(max-width: 300px) 100vw, 300px\" \/> <img loading=\"lazy\" class=\"aligncenter size-medium wp-image-808\" src=\"http:\/\/efan.be\/wp-content\/uploads\/2017\/10\/IMG_0344-300x225.jpg\" alt=\"\" width=\"300\" height=\"225\" srcset=\"https:\/\/efan.be\/wp-content\/uploads\/2017\/10\/IMG_0344-300x225.jpg 300w, https:\/\/efan.be\/wp-content\/uploads\/2017\/10\/IMG_0344-768x576.jpg 768w, https:\/\/efan.be\/wp-content\/uploads\/2017\/10\/IMG_0344-1024x768.jpg 1024w, https:\/\/efan.be\/wp-content\/uploads\/2017\/10\/IMG_0344-1170x878.jpg 1170w\" sizes=\"(max-width: 300px) 100vw, 300px\" \/> <img loading=\"lazy\" class=\"aligncenter size-medium wp-image-809\" src=\"http:\/\/efan.be\/wp-content\/uploads\/2017\/10\/IMG_0345-300x225.jpg\" alt=\"\" width=\"300\" height=\"225\" srcset=\"https:\/\/efan.be\/wp-content\/uploads\/2017\/10\/IMG_0345-300x225.jpg 300w, https:\/\/efan.be\/wp-content\/uploads\/2017\/10\/IMG_0345-768x576.jpg 768w, https:\/\/efan.be\/wp-content\/uploads\/2017\/10\/IMG_0345-1024x768.jpg 1024w, https:\/\/efan.be\/wp-content\/uploads\/2017\/10\/IMG_0345-1170x878.jpg 1170w\" sizes=\"(max-width: 300px) 100vw, 300px\" \/> <img loading=\"lazy\" class=\"aligncenter size-medium wp-image-810\" src=\"http:\/\/efan.be\/wp-content\/uploads\/2017\/10\/IMG_0371-300x225.jpg\" alt=\"\" width=\"300\" height=\"225\" srcset=\"https:\/\/efan.be\/wp-content\/uploads\/2017\/10\/IMG_0371-300x225.jpg 300w, https:\/\/efan.be\/wp-content\/uploads\/2017\/10\/IMG_0371-768x576.jpg 768w, https:\/\/efan.be\/wp-content\/uploads\/2017\/10\/IMG_0371-1024x768.jpg 1024w, https:\/\/efan.be\/wp-content\/uploads\/2017\/10\/IMG_0371-1170x878.jpg 1170w\" sizes=\"(max-width: 300px) 100vw, 300px\" \/> <img loading=\"lazy\" class=\"aligncenter size-medium wp-image-811\" src=\"http:\/\/efan.be\/wp-content\/uploads\/2017\/10\/IMG_0376-300x225.jpg\" alt=\"\" width=\"300\" height=\"225\" srcset=\"https:\/\/efan.be\/wp-content\/uploads\/2017\/10\/IMG_0376-300x225.jpg 300w, https:\/\/efan.be\/wp-content\/uploads\/2017\/10\/IMG_0376-768x576.jpg 768w, https:\/\/efan.be\/wp-content\/uploads\/2017\/10\/IMG_0376-1024x768.jpg 1024w, https:\/\/efan.be\/wp-content\/uploads\/2017\/10\/IMG_0376-1170x878.jpg 1170w\" sizes=\"(max-width: 300px) 100vw, 300px\" \/><\/p>\n","protected":false},"excerpt":{"rendered":"<p>Deuxi\u00e8me journ\u00e9e plac\u00e9e sous le signe du sport. Les enfants ont \u00e9t\u00e9 initi\u00e9s au char \u00e0 voile et au cerf-volant, ce qui leur a demand\u00e9 beaucoup de concentration et d&rsquo;adresse. Ils ont appr\u00e9ci\u00e9 se promener sur l&rsquo;estran, la digue et dans les dunes. Nous sommes tous rentr\u00e9s avec le rose aux joues. Le temps est &hellip; <\/p>\n<p><a class=\"more-link btn\" href=\"https:\/\/efan.be\/index.php\/2017\/10\/03\/jour-2-normandie-2017\/\">Lire la suite<\/a><\/p>\n","protected":false},"author":12,"featured_media":811,"comment_status":"open","ping_status":"open","sticky":false,"template":"","format":"standard","meta":[],"categories":[8,9],"tags":[],"_links":{"self":[{"href":"https:\/\/efan.be\/index.php\/wp-json\/wp\/v2\/posts\/806"}],"collection":[{"href":"https:\/\/efan.be\/index.php\/wp-json\/wp\/v2\/posts"}],"about":[{"href":"https:\/\/efan.be\/index.php\/wp-json\/wp\/v2\/types\/post"}],"author":[{"embeddable":true,"href":"https:\/\/efan.be\/index.php\/wp-json\/wp\/v2\/users\/12"}],"replies":[{"embeddable":true,"href":"https:\/\/efan.be\/index.php\/wp-json\/wp\/v2\/comments?post=806"}],"version-history":[{"count":1,"href":"https:\/\/efan.be\/index.php\/wp-json\/wp\/v2\/posts\/806\/revisions"}],"predecessor-version":[{"id":812,"href":"https:\/\/efan.be\/index.php\/wp-json\/wp\/v2\/posts\/806\/revisions\/812"}],"wp:featuredmedia":[{"embeddable":true,"href":"https:\/\/efan.be\/index.php\/wp-json\/wp\/v2\/media\/811"}],"wp:attachment":[{"href":"https:\/\/efan.be\/index.php\/wp-json\/wp\/v2\/media?parent=806"}],"wp:term":[{"taxonomy":"category","embeddable":true,"href":"https:\/\/efan.be\/index.php\/wp-json\/wp\/v2\/categories?post=806"},{"taxonomy":"post_tag","embeddable":true,"href":"https:\/\/efan.be\/index.php\/wp-json\/wp\/v2\/tags?post=806"}],"curies":[{"name":"wp","href":"https:\/\/api.w.org\/{rel}","templated":true}]}}