{"id":874,"date":"2017-10-23T21:30:14","date_gmt":"2017-10-23T19:30:14","guid":{"rendered":"http:\/\/efan.be\/?p=874"},"modified":"2017-10-24T11:19:32","modified_gmt":"2017-10-24T09:19:32","slug":"souper-halloween-de-lassociation-de-parents","status":"publish","type":"post","link":"https:\/\/efan.be\/index.php\/2017\/10\/23\/souper-halloween-de-lassociation-de-parents\/","title":{"rendered":"Souper Halloween de l&rsquo;association de parents"},"content":{"rendered":"<p>Ce samedi 21 octobre, l&rsquo;association de parents a organis\u00e9 son traditionnel souper Halloween.<\/p>\n<p>Petite nouveaut\u00e9 cette ann\u00e9e, Monsieur Greg avait pr\u00e9vu une corrida pour les \u00e9l\u00e8ves. 1, 2 ou 3 km pour nos joggeurs en fonction de leur \u00e2ge. Quelques appr\u00e9hensions et une boule au ventre pour certains au d\u00e9part mais ils s&rsquo;en sont sortis comme des chefs!<\/p>\n<p>Pendant que les enfants de primaire couraient, les plus petits pouvaient assister \u00e0 un spectacle de magie.<\/p>\n<p>Chant, danse et jeux ont continu\u00e9 les festivit\u00e9s.<\/p>\n<p>A l&rsquo;ap\u00e9ritif, la \u00ab\u00a0tapenade\u00a0\u00bb et les crudit\u00e9s ont d\u00e9tr\u00f4n\u00e9 les traditionnels chips agr\u00e9mentant ce moment par leur couleur et leur go\u00fbt d\u00e9licieux.<img loading=\"lazy\" class=\" wp-image-898 aligncenter\" src=\"http:\/\/efan.be\/wp-content\/uploads\/2017\/10\/22555349_1619679081430101_9042011424577441221_o-225x300.jpg\" alt=\"\" width=\"145\" height=\"193\" srcset=\"https:\/\/efan.be\/wp-content\/uploads\/2017\/10\/22555349_1619679081430101_9042011424577441221_o-225x300.jpg 225w, https:\/\/efan.be\/wp-content\/uploads\/2017\/10\/22555349_1619679081430101_9042011424577441221_o-768x1024.jpg 768w, https:\/\/efan.be\/wp-content\/uploads\/2017\/10\/22555349_1619679081430101_9042011424577441221_o-1170x1560.jpg 1170w, https:\/\/efan.be\/wp-content\/uploads\/2017\/10\/22555349_1619679081430101_9042011424577441221_o.jpg 1536w\" sizes=\"(max-width: 145px) 100vw, 145px\" \/><\/p>\n<p>Merci \u00e0 toute l&rsquo;\u00e9quipe de l&rsquo;AP pour la pr\u00e9paration, l&rsquo;organisation, la cuisine et merci \u00e0 vous tous qui avez \u00e9t\u00e9 pr\u00e9sents et qui avez fait que cette festivit\u00e9\u00a0soit une r\u00e9ussite.<\/p>\n<p>&nbsp;<\/p>\n<p>&nbsp;<\/p>\n<p><img loading=\"lazy\" class=\"aligncenter size-medium wp-image-875\" src=\"http:\/\/efan.be\/wp-content\/uploads\/2017\/10\/DSCN8163-300x225.jpg\" alt=\"\" width=\"300\" height=\"225\" srcset=\"https:\/\/efan.be\/wp-content\/uploads\/2017\/10\/DSCN8163-300x225.jpg 300w, https:\/\/efan.be\/wp-content\/uploads\/2017\/10\/DSCN8163-768x576.jpg 768w, https:\/\/efan.be\/wp-content\/uploads\/2017\/10\/DSCN8163-1024x768.jpg 1024w, https:\/\/efan.be\/wp-content\/uploads\/2017\/10\/DSCN8163-1170x878.jpg 1170w\" sizes=\"(max-width: 300px) 100vw, 300px\" \/><\/p>\n<div id=\"attachment_876\" style=\"width: 300px\" class=\"wp-caption aligncenter\"><img aria-describedby=\"caption-attachment-876\" loading=\"lazy\" class=\"size-medium wp-image-876\" src=\"http:\/\/efan.be\/wp-content\/uploads\/2017\/10\/DSCN8176-300x225.jpg\" alt=\"\" width=\"300\" height=\"225\" srcset=\"https:\/\/efan.be\/wp-content\/uploads\/2017\/10\/DSCN8176-300x225.jpg 300w, https:\/\/efan.be\/wp-content\/uploads\/2017\/10\/DSCN8176-768x576.jpg 768w, https:\/\/efan.be\/wp-content\/uploads\/2017\/10\/DSCN8176-1024x768.jpg 1024w, https:\/\/efan.be\/wp-content\/uploads\/2017\/10\/DSCN8176-1170x878.jpg 1170w\" sizes=\"(max-width: 300px) 100vw, 300px\" \/><p id=\"caption-attachment-876\" class=\"wp-caption-text\">Dans les starting-block<\/p><\/div>\n<div id=\"attachment_877\" style=\"width: 300px\" class=\"wp-caption aligncenter\"><img aria-describedby=\"caption-attachment-877\" loading=\"lazy\" class=\"size-medium wp-image-877\" src=\"http:\/\/efan.be\/wp-content\/uploads\/2017\/10\/DSCN8179-300x225.jpg\" alt=\"\" width=\"300\" height=\"225\" srcset=\"https:\/\/efan.be\/wp-content\/uploads\/2017\/10\/DSCN8179-300x225.jpg 300w, https:\/\/efan.be\/wp-content\/uploads\/2017\/10\/DSCN8179-768x576.jpg 768w, https:\/\/efan.be\/wp-content\/uploads\/2017\/10\/DSCN8179-1024x768.jpg 1024w, https:\/\/efan.be\/wp-content\/uploads\/2017\/10\/DSCN8179-1170x878.jpg 1170w\" sizes=\"(max-width: 300px) 100vw, 300px\" \/><p id=\"caption-attachment-877\" class=\"wp-caption-text\">C&rsquo;est partiiiii&#8230;&#8230;..<\/p><\/div>\n<div id=\"attachment_879\" style=\"width: 225px\" class=\"wp-caption aligncenter\"><img aria-describedby=\"caption-attachment-879\" loading=\"lazy\" class=\"size-medium wp-image-879\" src=\"http:\/\/efan.be\/wp-content\/uploads\/2017\/10\/DSCN8187-225x300.jpg\" alt=\"\" width=\"225\" height=\"300\" srcset=\"https:\/\/efan.be\/wp-content\/uploads\/2017\/10\/DSCN8187-225x300.jpg 225w, https:\/\/efan.be\/wp-content\/uploads\/2017\/10\/DSCN8187-768x1024.jpg 768w, https:\/\/efan.be\/wp-content\/uploads\/2017\/10\/DSCN8187-1170x1560.jpg 1170w\" sizes=\"(max-width: 225px) 100vw, 225px\" \/><p id=\"caption-attachment-879\" class=\"wp-caption-text\">P1 &#8211; P2 filles:<br \/>Camille ; L\u00e9a<\/p><\/div>\n<p>&nbsp;<\/p>\n<div id=\"attachment_880\" style=\"width: 225px\" class=\"wp-caption aligncenter\"><img aria-describedby=\"caption-attachment-880\" loading=\"lazy\" class=\"size-medium wp-image-880\" src=\"http:\/\/efan.be\/wp-content\/uploads\/2017\/10\/DSCN8188-225x300.jpg\" alt=\"\" width=\"225\" height=\"300\" srcset=\"https:\/\/efan.be\/wp-content\/uploads\/2017\/10\/DSCN8188-225x300.jpg 225w, https:\/\/efan.be\/wp-content\/uploads\/2017\/10\/DSCN8188-768x1024.jpg 768w, https:\/\/efan.be\/wp-content\/uploads\/2017\/10\/DSCN8188-1170x1560.jpg 1170w\" sizes=\"(max-width: 225px) 100vw, 225px\" \/><p id=\"caption-attachment-880\" class=\"wp-caption-text\">P1 &#8211; P2 gar\u00e7ons:<br \/>Fran\u00e7ois-Xavier ; Nathan ; Thomas; Lorenz<\/p><\/div>\n<p><img loading=\"lazy\" class=\"aligncenter size-medium wp-image-884\" src=\"http:\/\/efan.be\/wp-content\/uploads\/2017\/10\/IMG_0616-e1508786217959-225x300.jpg\" alt=\"\" width=\"225\" height=\"300\" srcset=\"https:\/\/efan.be\/wp-content\/uploads\/2017\/10\/IMG_0616-e1508786217959-225x300.jpg 225w, https:\/\/efan.be\/wp-content\/uploads\/2017\/10\/IMG_0616-e1508786217959-768x1024.jpg 768w, https:\/\/efan.be\/wp-content\/uploads\/2017\/10\/IMG_0616-e1508786217959-1170x1560.jpg 1170w\" sizes=\"(max-width: 225px) 100vw, 225px\" \/><\/p>\n<div id=\"attachment_885\" style=\"width: 225px\" class=\"wp-caption aligncenter\"><img aria-describedby=\"caption-attachment-885\" loading=\"lazy\" class=\"size-medium wp-image-885\" src=\"http:\/\/efan.be\/wp-content\/uploads\/2017\/10\/IMG_0617-e1508786232757-225x300.jpg\" alt=\"\" width=\"225\" height=\"300\" srcset=\"https:\/\/efan.be\/wp-content\/uploads\/2017\/10\/IMG_0617-e1508786232757-225x300.jpg 225w, https:\/\/efan.be\/wp-content\/uploads\/2017\/10\/IMG_0617-e1508786232757-768x1024.jpg 768w, https:\/\/efan.be\/wp-content\/uploads\/2017\/10\/IMG_0617-e1508786232757-1170x1560.jpg 1170w\" sizes=\"(max-width: 225px) 100vw, 225px\" \/><p id=\"caption-attachment-885\" class=\"wp-caption-text\">P3 &#8211; P4 filles:<br \/>Lou-Isa; Clara; Emilie<\/p><\/div>\n<div id=\"attachment_886\" style=\"width: 225px\" class=\"wp-caption aligncenter\"><img aria-describedby=\"caption-attachment-886\" loading=\"lazy\" class=\"size-medium wp-image-886\" src=\"http:\/\/efan.be\/wp-content\/uploads\/2017\/10\/IMG_0620-e1508786265715-225x300.jpg\" alt=\"\" width=\"225\" height=\"300\" srcset=\"https:\/\/efan.be\/wp-content\/uploads\/2017\/10\/IMG_0620-e1508786265715-225x300.jpg 225w, https:\/\/efan.be\/wp-content\/uploads\/2017\/10\/IMG_0620-e1508786265715-768x1024.jpg 768w, https:\/\/efan.be\/wp-content\/uploads\/2017\/10\/IMG_0620-e1508786265715-1170x1560.jpg 1170w\" sizes=\"(max-width: 225px) 100vw, 225px\" \/><p id=\"caption-attachment-886\" class=\"wp-caption-text\">P3 &#8211; P4 gar\u00e7ons:<br \/>C\u00e9lestin; Thomas; Mathis<\/p><\/div>\n<p><img loading=\"lazy\" class=\"aligncenter size-medium wp-image-887\" src=\"http:\/\/efan.be\/wp-content\/uploads\/2017\/10\/IMG_0622-e1508786310888-225x300.jpg\" alt=\"\" width=\"225\" height=\"300\" srcset=\"https:\/\/efan.be\/wp-content\/uploads\/2017\/10\/IMG_0622-e1508786310888-225x300.jpg 225w, https:\/\/efan.be\/wp-content\/uploads\/2017\/10\/IMG_0622-e1508786310888-768x1024.jpg 768w, https:\/\/efan.be\/wp-content\/uploads\/2017\/10\/IMG_0622-e1508786310888-1170x1560.jpg 1170w\" sizes=\"(max-width: 225px) 100vw, 225px\" \/><\/p>\n<div id=\"attachment_888\" style=\"width: 225px\" class=\"wp-caption aligncenter\"><img aria-describedby=\"caption-attachment-888\" loading=\"lazy\" class=\"size-medium wp-image-888\" src=\"http:\/\/efan.be\/wp-content\/uploads\/2017\/10\/IMG_0625-e1508786345644-225x300.jpg\" alt=\"\" width=\"225\" height=\"300\" srcset=\"https:\/\/efan.be\/wp-content\/uploads\/2017\/10\/IMG_0625-e1508786345644-225x300.jpg 225w, https:\/\/efan.be\/wp-content\/uploads\/2017\/10\/IMG_0625-e1508786345644-768x1024.jpg 768w, https:\/\/efan.be\/wp-content\/uploads\/2017\/10\/IMG_0625-e1508786345644-1170x1560.jpg 1170w\" sizes=\"(max-width: 225px) 100vw, 225px\" \/><p id=\"caption-attachment-888\" class=\"wp-caption-text\">P5 &#8211; P6 filles:<br \/>Aline; Ad\u00e8le; Alix<\/p><\/div>\n<div id=\"attachment_889\" style=\"width: 225px\" class=\"wp-caption aligncenter\"><img aria-describedby=\"caption-attachment-889\" loading=\"lazy\" class=\"size-medium wp-image-889\" src=\"http:\/\/efan.be\/wp-content\/uploads\/2017\/10\/IMG_0628-e1508786385311-225x300.jpg\" alt=\"\" width=\"225\" height=\"300\" srcset=\"https:\/\/efan.be\/wp-content\/uploads\/2017\/10\/IMG_0628-e1508786385311-225x300.jpg 225w, https:\/\/efan.be\/wp-content\/uploads\/2017\/10\/IMG_0628-e1508786385311-768x1024.jpg 768w, https:\/\/efan.be\/wp-content\/uploads\/2017\/10\/IMG_0628-e1508786385311-1170x1560.jpg 1170w\" sizes=\"(max-width: 225px) 100vw, 225px\" \/><p id=\"caption-attachment-889\" class=\"wp-caption-text\">P5 &#8211; P6 gar\u00e7ons:<br \/>Maxime; Tom; Romain<\/p><\/div>\n<p><img loading=\"lazy\" class=\"aligncenter size-medium wp-image-890\" src=\"http:\/\/efan.be\/wp-content\/uploads\/2017\/10\/IMG_0629-e1508786399307-225x300.jpg\" alt=\"\" width=\"225\" height=\"300\" srcset=\"https:\/\/efan.be\/wp-content\/uploads\/2017\/10\/IMG_0629-e1508786399307-225x300.jpg 225w, https:\/\/efan.be\/wp-content\/uploads\/2017\/10\/IMG_0629-e1508786399307-768x1024.jpg 768w, https:\/\/efan.be\/wp-content\/uploads\/2017\/10\/IMG_0629-e1508786399307-1170x1560.jpg 1170w\" sizes=\"(max-width: 225px) 100vw, 225px\" \/><\/p>\n<div id=\"attachment_883\" style=\"width: 300px\" class=\"wp-caption aligncenter\"><img aria-describedby=\"caption-attachment-883\" loading=\"lazy\" class=\"wp-image-883 size-medium\" src=\"http:\/\/efan.be\/wp-content\/uploads\/2017\/10\/DSCN8196-300x225.jpg\" alt=\"\" width=\"300\" height=\"225\" srcset=\"https:\/\/efan.be\/wp-content\/uploads\/2017\/10\/DSCN8196-300x225.jpg 300w, https:\/\/efan.be\/wp-content\/uploads\/2017\/10\/DSCN8196-768x576.jpg 768w, https:\/\/efan.be\/wp-content\/uploads\/2017\/10\/DSCN8196-1024x768.jpg 1024w, https:\/\/efan.be\/wp-content\/uploads\/2017\/10\/DSCN8196-1170x878.jpg 1170w\" sizes=\"(max-width: 300px) 100vw, 300px\" \/><p id=\"caption-attachment-883\" class=\"wp-caption-text\">Les cuistots<\/p><\/div>\n<div id=\"attachment_878\" style=\"width: 225px\" class=\"wp-caption aligncenter\"><img aria-describedby=\"caption-attachment-878\" loading=\"lazy\" class=\"wp-image-878 size-medium\" src=\"http:\/\/efan.be\/wp-content\/uploads\/2017\/10\/DSCN8186-225x300.jpg\" alt=\"\" width=\"225\" height=\"300\" srcset=\"https:\/\/efan.be\/wp-content\/uploads\/2017\/10\/DSCN8186-225x300.jpg 225w, https:\/\/efan.be\/wp-content\/uploads\/2017\/10\/DSCN8186-768x1024.jpg 768w, https:\/\/efan.be\/wp-content\/uploads\/2017\/10\/DSCN8186-1170x1560.jpg 1170w\" sizes=\"(max-width: 225px) 100vw, 225px\" \/><p id=\"caption-attachment-878\" class=\"wp-caption-text\">Le discours de la pr\u00e9sidente<\/p><\/div>\n<div id=\"attachment_882\" style=\"width: 300px\" class=\"wp-caption aligncenter\"><img aria-describedby=\"caption-attachment-882\" loading=\"lazy\" class=\"wp-image-882 size-medium\" src=\"http:\/\/efan.be\/wp-content\/uploads\/2017\/10\/DSCN8195-300x225.jpg\" alt=\"\" width=\"300\" height=\"225\" srcset=\"https:\/\/efan.be\/wp-content\/uploads\/2017\/10\/DSCN8195-300x225.jpg 300w, https:\/\/efan.be\/wp-content\/uploads\/2017\/10\/DSCN8195-768x576.jpg 768w, https:\/\/efan.be\/wp-content\/uploads\/2017\/10\/DSCN8195-1024x768.jpg 1024w, https:\/\/efan.be\/wp-content\/uploads\/2017\/10\/DSCN8195-1170x878.jpg 1170w\" sizes=\"(max-width: 300px) 100vw, 300px\" \/><p id=\"caption-attachment-882\" class=\"wp-caption-text\">Les joyeux membres de l&rsquo;AP<\/p><\/div>\n<div id=\"attachment_881\" style=\"width: 300px\" class=\"wp-caption aligncenter\"><img aria-describedby=\"caption-attachment-881\" loading=\"lazy\" class=\"wp-image-881 size-medium\" src=\"http:\/\/efan.be\/wp-content\/uploads\/2017\/10\/DSCN8194-300x225.jpg\" alt=\"\" width=\"300\" height=\"225\" srcset=\"https:\/\/efan.be\/wp-content\/uploads\/2017\/10\/DSCN8194-300x225.jpg 300w, https:\/\/efan.be\/wp-content\/uploads\/2017\/10\/DSCN8194-768x576.jpg 768w, https:\/\/efan.be\/wp-content\/uploads\/2017\/10\/DSCN8194-1024x768.jpg 1024w, https:\/\/efan.be\/wp-content\/uploads\/2017\/10\/DSCN8194-1170x878.jpg 1170w\" sizes=\"(max-width: 300px) 100vw, 300px\" \/><p id=\"caption-attachment-881\" class=\"wp-caption-text\">L&rsquo;\u00e9quipe \u00e9ducative<\/p><\/div>\n","protected":false},"excerpt":{"rendered":"<p>Ce samedi 21 octobre, l&rsquo;association de parents a organis\u00e9 son traditionnel souper Halloween. Petite nouveaut\u00e9 cette ann\u00e9e, Monsieur Greg avait pr\u00e9vu une corrida pour les \u00e9l\u00e8ves. 1, 2 ou 3 km pour nos joggeurs en fonction de leur \u00e2ge. Quelques appr\u00e9hensions et une boule au ventre pour certains au d\u00e9part mais ils s&rsquo;en sont sortis &hellip; <\/p>\n<p><a class=\"more-link btn\" href=\"https:\/\/efan.be\/index.php\/2017\/10\/23\/souper-halloween-de-lassociation-de-parents\/\">Lire la suite<\/a><\/p>\n","protected":false},"author":12,"featured_media":875,"comment_status":"open","ping_status":"open","sticky":false,"template":"","format":"standard","meta":[],"categories":[2],"tags":[],"_links":{"self":[{"href":"https:\/\/efan.be\/index.php\/wp-json\/wp\/v2\/posts\/874"}],"collection":[{"href":"https:\/\/efan.be\/index.php\/wp-json\/wp\/v2\/posts"}],"about":[{"href":"https:\/\/efan.be\/index.php\/wp-json\/wp\/v2\/types\/post"}],"author":[{"embeddable":true,"href":"https:\/\/efan.be\/index.php\/wp-json\/wp\/v2\/users\/12"}],"replies":[{"embeddable":true,"href":"https:\/\/efan.be\/index.php\/wp-json\/wp\/v2\/comments?post=874"}],"version-history":[{"count":5,"href":"https:\/\/efan.be\/index.php\/wp-json\/wp\/v2\/posts\/874\/revisions"}],"predecessor-version":[{"id":900,"href":"https:\/\/efan.be\/index.php\/wp-json\/wp\/v2\/posts\/874\/revisions\/900"}],"wp:featuredmedia":[{"embeddable":true,"href":"https:\/\/efan.be\/index.php\/wp-json\/wp\/v2\/media\/875"}],"wp:attachment":[{"href":"https:\/\/efan.be\/index.php\/wp-json\/wp\/v2\/media?parent=874"}],"wp:term":[{"taxonomy":"category","embeddable":true,"href":"https:\/\/efan.be\/index.php\/wp-json\/wp\/v2\/categories?post=874"},{"taxonomy":"post_tag","embeddable":true,"href":"https:\/\/efan.be\/index.php\/wp-json\/wp\/v2\/tags?post=874"}],"curies":[{"name":"wp","href":"https:\/\/api.w.org\/{rel}","templated":true}]}}